{"id":40636,"date":"2026-03-10T16:05:35","date_gmt":"2026-03-10T15:05:35","guid":{"rendered":"https:\/\/www.cis-spain.com\/en\/?p=40636"},"modified":"2026-03-10T16:05:35","modified_gmt":"2026-03-10T15:05:35","slug":"art-activism-and-representation-take-center-stage-in-the-second-gina-lecture-at-cis-university","status":"publish","type":"post","link":"https:\/\/www.cis-spain.com\/en\/blog\/art-activism-and-representation-take-center-stage-in-the-second-gina-lecture-at-cis-university\/","title":{"rendered":"Art, Activism, and Representation Take Center Stage in the Second GINA Lecture at CIS University"},"content":{"rendered":"\t\t<div data-elementor-type=\"wp-post\" data-elementor-id=\"40636\" class=\"elementor elementor-40636\" data-elementor-post-type=\"post\">\n\t\t\t\t\t\t<section data-particle_enable=\"false\" data-particle-mobile-disabled=\"false\" class=\"elementor-section elementor-top-section elementor-element elementor-element-49ad3eb4 elementor-section-boxed elementor-section-height-default elementor-section-height-default\" data-id=\"49ad3eb4\" data-element_type=\"section\" data-e-type=\"section\">\n\t\t\t\t\t\t<div class=\"elementor-container elementor-column-gap-default\">\n\t\t\t\t\t<div class=\"elementor-column elementor-col-100 elementor-top-column elementor-element elementor-element-217fbe4a\" data-id=\"217fbe4a\" data-element_type=\"column\" data-e-type=\"column\">\n\t\t\t<div class=\"elementor-widget-wrap elementor-element-populated\">\n\t\t\t\t\t\t<div class=\"elementor-element elementor-element-62aa1422 elementor-widget elementor-widget-text-editor\" data-id=\"62aa1422\" data-element_type=\"widget\" data-e-type=\"widget\" data-widget_type=\"text-editor.default\">\n\t\t\t\t<div class=\"elementor-widget-container\">\n\t\t\t\t\t\t\t\t\t<p><span style=\"font-weight: 400;\">Professor Laura L\u00f3pez Paniagua of CIS University delivered the second lecture of the semester for the <\/span><a href=\"https:\/\/www.cis-spain.com\/en\/academics\/research\/research-groups\/\"><span style=\"font-weight: 400;\">Applied Humanities Research Group GINA (Global Imperial &amp; National Affairs)<\/span><\/a><span style=\"font-weight: 400;\">. Her talk, titled <\/span><i><span style=\"font-weight: 400;\">\u201c\u00c0 Gis\u00e8le: Art, Trauma, and the Limits of Representation,\u201d<\/span><\/i><span style=\"font-weight: 400;\"> brought together students and faculty to reflect on how art can help us better understand violence, trauma, and some of the key challenges facing our society.<\/span><\/p><p><span style=\"font-weight: 400;\">The lecture grew out of her ongoing research and <\/span><a href=\"https:\/\/travesiacuatro.com\/eng\/exposicion\/a-gisele-3\/\"><span style=\"font-weight: 400;\">the art exhibition <\/span><i><span style=\"font-weight: 400;\">\u00c0 Gis\u00e8le<\/span><\/i><\/a><span style=\"font-weight: 400;\">, created in response to the Pelicot case. Rather than focusing solely on a specific event, the project invited attendees to consider what happens when the bonds of trust that sustain ideas such as home, care, and security in personal relationships begin to break down.<\/span><\/p><p><span style=\"font-weight: 400;\">During the first part of the session, L\u00f3pez Paniagua explained the exhibition&#8217;s ideas clearly and accessibly. Drawing on contemporary thinkers, she raised a central question: what happens when certain experiences are so painful that they seem impossible to put into words? In that space, art becomes a way of giving shape to what is difficult to express.<\/span><\/p><p><span style=\"font-weight: 400;\">The lecture also explored how certain situations cannot be understood as isolated incidents, but as part of broader social dynamics. From this perspective, students were encouraged to reflect on how legal equality can coexist with deep-rooted inequalities that continue to shape society.<\/span><\/p><p><span style=\"font-weight: 400;\">One of the most meaningful moments of the session was the reference to Viktor Frankl\u2019s <\/span><i><span style=\"font-weight: 400;\">Man\u2019s Search for Meaning<\/span><\/i><span style=\"font-weight: 400;\">. Through this work, Professor L\u00f3pez Paniagua highlighted that even after extreme suffering, it is possible to find meaning that transforms pain into support for others. In this context, Gis\u00e8le Pelicot\u2019s public stance was presented as an example of strength and solidarity.<\/span><\/p><p><img fetchpriority=\"high\" decoding=\"async\" class=\"alignnone size-full wp-image-40638\" title=\"CIS University Art, Activism, and Representation Take Center Stage in the Second GINA Lecture at CIS University 2\" src=\"https:\/\/www.cis-spain.com\/en\/wp-content\/uploads\/sites\/3\/2026\/03\/CIS-University-Art-Activism-and-Representation-Take-Center-Stage-in-the-Second-GINA-Lecture-at-CIS-University-2.jpg\" alt=\"\" width=\"1024\" height=\"576\" \/><\/p><h2>A Collective Exhibition for Memory<\/h2><p><span style=\"font-weight: 400;\">The second part of the lecture focused on the four artists featured in the exhibition \u2014 Armineh Negahdari, Kiki Smith, La Chola Poblete, and Maya Pita-Romero \u2014 whose works, through drawing, sculpture, and textile practices, explore the body, memory, and vulnerability. Rather than offering definitive answers, the exhibition creates a space for dialogue where female experience is presented in all its complexity.<\/span><\/p><p><span style=\"font-weight: 400;\">The <\/span><i><span style=\"font-weight: 400;\">\u00c0 Gis\u00e8le project<\/span><\/i><span style=\"font-weight: 400;\"> has garnered significant public and media attention, with coverage in outlets including <\/span><a href=\"https:\/\/www.elmundo.es\/yodona\/actualidad\/2026\/01\/27\/697887f4e85ece22248b45a9.html\"><i><span style=\"font-weight: 400;\">El Mundo<\/span><\/i><\/a><i><span style=\"font-weight: 400;\">,<\/span><\/i><a href=\"https:\/\/elpais.com\/cultura\/2026-02-11\/a-gisele-la-exposicion-de-arte-para-homenajear-a-la-mujer-violada-que-no-quiso-esconderse.html\"><i><span style=\"font-weight: 400;\"> El Pa\u00eds<\/span><\/i><\/a><i><span style=\"font-weight: 400;\">, <\/span><\/i><a href=\"https:\/\/www.elconfidencial.com\/espana\/madrid\/2026-02-15\/arte-violencia-mujer-exposicion-1hms_4302967\/\"><i><span style=\"font-weight: 400;\">El Confidencial<\/span><\/i><\/a><span style=\"font-weight: 400;\">, and <\/span><i><span style=\"font-weight: 400;\">Noticias Cuatro<\/span><\/i><span style=\"font-weight: 400;\">, among others. This impact has contributed to raising the exhibition&#8217;s profile and bringing its message to a wider audience interested in the role of art in addressing challenging realities. The conference allowed attendees to learn firsthand about the creative process behind an initiative that has sparked extensive debate beyond academic circles, resonating with society at large.<\/span><\/p><p><span style=\"font-weight: 400;\">With this second session, GINA continues to strengthen its role at CIS University as a space where art, critical thinking, and open discussion come together to help students engage with the major challenges of our time.<\/span><\/p>\t\t\t\t\t\t\t\t<\/div>\n\t\t\t\t<\/div>\n\t\t\t\t\t<\/div>\n\t\t<\/div>\n\t\t\t\t\t<\/div>\n\t\t<\/section>\n\t\t\t\t<\/div>\n\t\t","protected":false},"excerpt":{"rendered":"<p>Professor Laura L\u00f3pez Paniagua of CIS University delivered the second lecture of the semester for the Applied Humanities Research Group GINA (Global Imperial &amp; National Affairs). Her talk, titled \u201c\u00c0 Gis\u00e8le: Art, Trauma, and the Limits of Representation,\u201d brought together&hellip;<\/p>\n","protected":false},"author":3,"featured_media":40642,"comment_status":"open","ping_status":"closed","sticky":false,"template":"","format":"standard","meta":{"content-type":"","_trash_the_other_posts":false,"editor_notices":[],"footnotes":""},"categories":[162,702,499],"tags":[1008,504,819,820,522,779,1004,1003,54,906,487,1005,596,668,964,1002,1001,1007,187,1006,963,754],"class_list":["post-40636","post","type-post","status-publish","format-standard","has-post-thumbnail","hentry","category-academic","category-gina","category-research","tag-academic-debate","tag-academic-research","tag-american-campus-in-madrid","tag-american-campus-in-spain","tag-american-university-in-madrid","tag-american-university-in-spain","tag-art-and-human-rights","tag-art-and-society","tag-cis-university","tag-contemporary-art","tag-critical-thinking","tag-exhibition-a-gisele","tag-gina","tag-global","tag-imperial-national-affairs","tag-laura-lopez-paniagua","tag-lectures","tag-psychoanalysis-and-society","tag-research","tag-the-pelicot-case","tag-university-research-groups","tag-university-seminars"],"yoast_head":"<!-- This site is optimized with the Yoast SEO Premium plugin v27.4 (Yoast SEO v27.5) - https:\/\/yoast.com\/product\/yoast-seo-premium-wordpress\/ -->\n<title>Art, Activism, and Representation Take Center Stage in the Second GINA Lecture at CIS University - CIS University<\/title>\n<meta name=\"description\" content=\"Laura L\u00f3pez Paniagua delivered the second lecture of the semester for the Applied Humanities Research Group GINA.\" \/>\n<meta name=\"robots\" content=\"noindex, follow\" \/>\n<meta property=\"og:locale\" content=\"en_US\" \/>\n<meta property=\"og:type\" content=\"article\" \/>\n<meta property=\"og:title\" content=\"Art, Activism, and Representation Take Center Stage in the Second GINA Lecture at CIS University - CIS University\" \/>\n<meta property=\"og:description\" content=\"Laura L\u00f3pez Paniagua delivered the second lecture of the semester for the Applied Humanities Research Group GINA.\" \/>\n<meta property=\"og:url\" content=\"https:\/\/www.cis-spain.com\/en\/blog\/art-activism-and-representation-take-center-stage-in-the-second-gina-lecture-at-cis-university\/\" \/>\n<meta property=\"og:site_name\" content=\"CIS University - EN\" \/>\n<meta property=\"article:published_time\" content=\"2026-03-10T15:05:35+00:00\" \/>\n<meta property=\"og:image\" content=\"https:\/\/www.cis-spain.com\/en\/wp-content\/uploads\/sites\/3\/2026\/03\/CIS-University-Art-Activism-and-Representation-Take-Center-Stage-in-the-Second-GINA-Lecture-at-CIS-University-1.webp\" \/>\n\t<meta property=\"og:image:width\" content=\"1920\" \/>\n\t<meta property=\"og:image:height\" content=\"1306\" \/>\n\t<meta property=\"og:image:type\" content=\"image\/webp\" \/>\n<meta name=\"author\" content=\"fwegner\" \/>\n<meta name=\"twitter:card\" content=\"summary_large_image\" \/>\n<meta name=\"twitter:label1\" content=\"Written by\" \/>\n\t<meta name=\"twitter:data1\" content=\"fwegner\" \/>\n\t<meta name=\"twitter:label2\" content=\"Est. reading time\" \/>\n\t<meta name=\"twitter:data2\" content=\"3 minutes\" \/>\n<script type=\"application\/ld+json\" class=\"yoast-schema-graph\">{\"@context\":\"https:\\\/\\\/schema.org\",\"@graph\":[{\"@type\":\"Article\",\"@id\":\"https:\\\/\\\/www.cis-spain.com\\\/en\\\/blog\\\/art-activism-and-representation-take-center-stage-in-the-second-gina-lecture-at-cis-university\\\/#article\",\"isPartOf\":{\"@id\":\"https:\\\/\\\/www.cis-spain.com\\\/en\\\/blog\\\/art-activism-and-representation-take-center-stage-in-the-second-gina-lecture-at-cis-university\\\/\"},\"author\":{\"name\":\"fwegner\",\"@id\":\"https:\\\/\\\/www.cis-spain.com\\\/en\\\/#\\\/schema\\\/person\\\/308e5a2cbfa4ea34dfd4bf728addd615\"},\"headline\":\"Art, Activism, and Representation Take Center Stage in the Second GINA Lecture at CIS University\",\"datePublished\":\"2026-03-10T15:05:35+00:00\",\"mainEntityOfPage\":{\"@id\":\"https:\\\/\\\/www.cis-spain.com\\\/en\\\/blog\\\/art-activism-and-representation-take-center-stage-in-the-second-gina-lecture-at-cis-university\\\/\"},\"wordCount\":488,\"commentCount\":0,\"publisher\":{\"@id\":\"https:\\\/\\\/www.cis-spain.com\\\/en\\\/#organization\"},\"image\":{\"@id\":\"https:\\\/\\\/www.cis-spain.com\\\/en\\\/blog\\\/art-activism-and-representation-take-center-stage-in-the-second-gina-lecture-at-cis-university\\\/#primaryimage\"},\"thumbnailUrl\":\"https:\\\/\\\/www.cis-spain.com\\\/en\\\/wp-content\\\/uploads\\\/sites\\\/3\\\/2026\\\/03\\\/CIS-University-Art-Activism-and-Representation-Take-Center-Stage-in-the-Second-GINA-Lecture-at-CIS-University-1.webp\",\"keywords\":[\"Academic Debate\",\"Academic Research\",\"American Campus in Madrid\",\"American Campus in Spain\",\"American University in Madrid\",\"American University in Spain\",\"Art and Human Rights\",\"Art and Society\",\"cis university\",\"Contemporary Art\",\"Critical thinking\",\"Exhibition \u00c0 Gis\u00e8le\",\"GINA\",\"Global\",\"Imperial &amp; National Affairs\",\"Laura L\u00f3pez Paniagua\",\"Lectures\",\"Psychoanalysis and Society\",\"Research\",\"The Pelicot Case\",\"University Research Groups\",\"University Seminars\"],\"articleSection\":[\"Academic\",\"GINA\",\"Research\"],\"inLanguage\":\"en-US\",\"potentialAction\":[{\"@type\":\"CommentAction\",\"name\":\"Comment\",\"target\":[\"https:\\\/\\\/www.cis-spain.com\\\/en\\\/blog\\\/art-activism-and-representation-take-center-stage-in-the-second-gina-lecture-at-cis-university\\\/#respond\"]}],\"copyrightYear\":\"2026\",\"copyrightHolder\":{\"@id\":\"https:\\\/\\\/cis-spain.com\\\/#organization\"}},{\"@type\":\"WebPage\",\"@id\":\"https:\\\/\\\/www.cis-spain.com\\\/en\\\/blog\\\/art-activism-and-representation-take-center-stage-in-the-second-gina-lecture-at-cis-university\\\/\",\"url\":\"https:\\\/\\\/www.cis-spain.com\\\/en\\\/blog\\\/art-activism-and-representation-take-center-stage-in-the-second-gina-lecture-at-cis-university\\\/\",\"name\":\"Art, Activism, and Representation Take Center Stage in the Second GINA Lecture at CIS University - CIS University\",\"isPartOf\":{\"@id\":\"https:\\\/\\\/www.cis-spain.com\\\/en\\\/#website\"},\"primaryImageOfPage\":{\"@id\":\"https:\\\/\\\/www.cis-spain.com\\\/en\\\/blog\\\/art-activism-and-representation-take-center-stage-in-the-second-gina-lecture-at-cis-university\\\/#primaryimage\"},\"image\":{\"@id\":\"https:\\\/\\\/www.cis-spain.com\\\/en\\\/blog\\\/art-activism-and-representation-take-center-stage-in-the-second-gina-lecture-at-cis-university\\\/#primaryimage\"},\"thumbnailUrl\":\"https:\\\/\\\/www.cis-spain.com\\\/en\\\/wp-content\\\/uploads\\\/sites\\\/3\\\/2026\\\/03\\\/CIS-University-Art-Activism-and-Representation-Take-Center-Stage-in-the-Second-GINA-Lecture-at-CIS-University-1.webp\",\"datePublished\":\"2026-03-10T15:05:35+00:00\",\"description\":\"Laura L\u00f3pez Paniagua delivered the second lecture of the semester for the Applied Humanities Research Group GINA.\",\"inLanguage\":\"en-US\",\"potentialAction\":[{\"@type\":\"ReadAction\",\"target\":[\"https:\\\/\\\/www.cis-spain.com\\\/en\\\/blog\\\/art-activism-and-representation-take-center-stage-in-the-second-gina-lecture-at-cis-university\\\/\"]}]},{\"@type\":\"ImageObject\",\"inLanguage\":\"en-US\",\"@id\":\"https:\\\/\\\/www.cis-spain.com\\\/en\\\/blog\\\/art-activism-and-representation-take-center-stage-in-the-second-gina-lecture-at-cis-university\\\/#primaryimage\",\"url\":\"https:\\\/\\\/www.cis-spain.com\\\/en\\\/wp-content\\\/uploads\\\/sites\\\/3\\\/2026\\\/03\\\/CIS-University-Art-Activism-and-Representation-Take-Center-Stage-in-the-Second-GINA-Lecture-at-CIS-University-1.webp\",\"contentUrl\":\"https:\\\/\\\/www.cis-spain.com\\\/en\\\/wp-content\\\/uploads\\\/sites\\\/3\\\/2026\\\/03\\\/CIS-University-Art-Activism-and-Representation-Take-Center-Stage-in-the-Second-GINA-Lecture-at-CIS-University-1.webp\",\"width\":1920,\"height\":1306,\"caption\":\"CIS University Art, Activism, and Representation Take Center Stage in the Second GINA Lecture at CIS University 1\"},{\"@type\":\"WebSite\",\"@id\":\"https:\\\/\\\/www.cis-spain.com\\\/en\\\/#website\",\"url\":\"https:\\\/\\\/www.cis-spain.com\\\/en\\\/\",\"name\":\"CIS University - EN\",\"description\":\"An American University\",\"publisher\":{\"@id\":\"https:\\\/\\\/www.cis-spain.com\\\/en\\\/#organization\"},\"potentialAction\":[{\"@type\":\"SearchAction\",\"target\":{\"@type\":\"EntryPoint\",\"urlTemplate\":\"https:\\\/\\\/www.cis-spain.com\\\/en\\\/?s={search_term_string}\"},\"query-input\":{\"@type\":\"PropertyValueSpecification\",\"valueRequired\":true,\"valueName\":\"search_term_string\"}}],\"inLanguage\":\"en-US\"},{\"@type\":[\"Organization\",\"Place\"],\"@id\":\"https:\\\/\\\/www.cis-spain.com\\\/en\\\/#organization\",\"name\":\"CIS University - EN\",\"url\":\"https:\\\/\\\/www.cis-spain.com\\\/en\\\/\",\"logo\":{\"@id\":\"https:\\\/\\\/www.cis-spain.com\\\/en\\\/blog\\\/art-activism-and-representation-take-center-stage-in-the-second-gina-lecture-at-cis-university\\\/#local-main-organization-logo\"},\"image\":{\"@id\":\"https:\\\/\\\/www.cis-spain.com\\\/en\\\/blog\\\/art-activism-and-representation-take-center-stage-in-the-second-gina-lecture-at-cis-university\\\/#local-main-organization-logo\"},\"telephone\":[],\"openingHoursSpecification\":[{\"@type\":\"OpeningHoursSpecification\",\"dayOfWeek\":[\"Monday\",\"Tuesday\",\"Wednesday\",\"Thursday\",\"Friday\",\"Saturday\",\"Sunday\"],\"opens\":\"09:00\",\"closes\":\"17:00\"}]},{\"@type\":\"Person\",\"@id\":\"https:\\\/\\\/www.cis-spain.com\\\/en\\\/#\\\/schema\\\/person\\\/308e5a2cbfa4ea34dfd4bf728addd615\",\"name\":\"fwegner\",\"image\":{\"@type\":\"ImageObject\",\"inLanguage\":\"en-US\",\"@id\":\"https:\\\/\\\/secure.gravatar.com\\\/avatar\\\/47bda61f1654ba6fc5fe69934d52b08a3ea69f4f2ef96f22d677ce94cd46bb6c?s=96&d=mm&r=g\",\"url\":\"https:\\\/\\\/secure.gravatar.com\\\/avatar\\\/47bda61f1654ba6fc5fe69934d52b08a3ea69f4f2ef96f22d677ce94cd46bb6c?s=96&d=mm&r=g\",\"contentUrl\":\"https:\\\/\\\/secure.gravatar.com\\\/avatar\\\/47bda61f1654ba6fc5fe69934d52b08a3ea69f4f2ef96f22d677ce94cd46bb6c?s=96&d=mm&r=g\",\"caption\":\"fwegner\"}},{\"@type\":\"ImageObject\",\"inLanguage\":\"en-US\",\"@id\":\"https:\\\/\\\/www.cis-spain.com\\\/en\\\/blog\\\/art-activism-and-representation-take-center-stage-in-the-second-gina-lecture-at-cis-university\\\/#local-main-organization-logo\",\"url\":\"https:\\\/\\\/www.cis-spain.com\\\/en\\\/wp-content\\\/uploads\\\/sites\\\/3\\\/2021\\\/03\\\/logo.svg\",\"contentUrl\":\"https:\\\/\\\/www.cis-spain.com\\\/en\\\/wp-content\\\/uploads\\\/sites\\\/3\\\/2021\\\/03\\\/logo.svg\",\"width\":317,\"height\":94,\"caption\":\"CIS University - EN\"}]}<\/script>\n<!-- \/ Yoast SEO Premium plugin. -->","yoast_head_json":{"title":"Art, Activism, and Representation Take Center Stage in the Second GINA Lecture at CIS University - CIS University","description":"Laura L\u00f3pez Paniagua delivered the second lecture of the semester for the Applied Humanities Research Group GINA.","robots":{"index":"noindex","follow":"follow"},"og_locale":"en_US","og_type":"article","og_title":"Art, Activism, and Representation Take Center Stage in the Second GINA Lecture at CIS University - CIS University","og_description":"Laura L\u00f3pez Paniagua delivered the second lecture of the semester for the Applied Humanities Research Group GINA.","og_url":"https:\/\/www.cis-spain.com\/en\/blog\/art-activism-and-representation-take-center-stage-in-the-second-gina-lecture-at-cis-university\/","og_site_name":"CIS University - EN","article_published_time":"2026-03-10T15:05:35+00:00","og_image":[{"width":1920,"height":1306,"url":"https:\/\/www.cis-spain.com\/en\/wp-content\/uploads\/sites\/3\/2026\/03\/CIS-University-Art-Activism-and-Representation-Take-Center-Stage-in-the-Second-GINA-Lecture-at-CIS-University-1.webp","type":"image\/webp"}],"author":"fwegner","twitter_card":"summary_large_image","twitter_misc":{"Written by":"fwegner","Est. reading time":"3 minutes"},"schema":{"@context":"https:\/\/schema.org","@graph":[{"@type":"Article","@id":"https:\/\/www.cis-spain.com\/en\/blog\/art-activism-and-representation-take-center-stage-in-the-second-gina-lecture-at-cis-university\/#article","isPartOf":{"@id":"https:\/\/www.cis-spain.com\/en\/blog\/art-activism-and-representation-take-center-stage-in-the-second-gina-lecture-at-cis-university\/"},"author":{"name":"fwegner","@id":"https:\/\/www.cis-spain.com\/en\/#\/schema\/person\/308e5a2cbfa4ea34dfd4bf728addd615"},"headline":"Art, Activism, and Representation Take Center Stage in the Second GINA Lecture at CIS University","datePublished":"2026-03-10T15:05:35+00:00","mainEntityOfPage":{"@id":"https:\/\/www.cis-spain.com\/en\/blog\/art-activism-and-representation-take-center-stage-in-the-second-gina-lecture-at-cis-university\/"},"wordCount":488,"commentCount":0,"publisher":{"@id":"https:\/\/www.cis-spain.com\/en\/#organization"},"image":{"@id":"https:\/\/www.cis-spain.com\/en\/blog\/art-activism-and-representation-take-center-stage-in-the-second-gina-lecture-at-cis-university\/#primaryimage"},"thumbnailUrl":"https:\/\/www.cis-spain.com\/en\/wp-content\/uploads\/sites\/3\/2026\/03\/CIS-University-Art-Activism-and-Representation-Take-Center-Stage-in-the-Second-GINA-Lecture-at-CIS-University-1.webp","keywords":["Academic Debate","Academic Research","American Campus in Madrid","American Campus in Spain","American University in Madrid","American University in Spain","Art and Human Rights","Art and Society","cis university","Contemporary Art","Critical thinking","Exhibition \u00c0 Gis\u00e8le","GINA","Global","Imperial &amp; National Affairs","Laura L\u00f3pez Paniagua","Lectures","Psychoanalysis and Society","Research","The Pelicot Case","University Research Groups","University Seminars"],"articleSection":["Academic","GINA","Research"],"inLanguage":"en-US","potentialAction":[{"@type":"CommentAction","name":"Comment","target":["https:\/\/www.cis-spain.com\/en\/blog\/art-activism-and-representation-take-center-stage-in-the-second-gina-lecture-at-cis-university\/#respond"]}],"copyrightYear":"2026","copyrightHolder":{"@id":"https:\/\/cis-spain.com\/#organization"}},{"@type":"WebPage","@id":"https:\/\/www.cis-spain.com\/en\/blog\/art-activism-and-representation-take-center-stage-in-the-second-gina-lecture-at-cis-university\/","url":"https:\/\/www.cis-spain.com\/en\/blog\/art-activism-and-representation-take-center-stage-in-the-second-gina-lecture-at-cis-university\/","name":"Art, Activism, and Representation Take Center Stage in the Second GINA Lecture at CIS University - CIS University","isPartOf":{"@id":"https:\/\/www.cis-spain.com\/en\/#website"},"primaryImageOfPage":{"@id":"https:\/\/www.cis-spain.com\/en\/blog\/art-activism-and-representation-take-center-stage-in-the-second-gina-lecture-at-cis-university\/#primaryimage"},"image":{"@id":"https:\/\/www.cis-spain.com\/en\/blog\/art-activism-and-representation-take-center-stage-in-the-second-gina-lecture-at-cis-university\/#primaryimage"},"thumbnailUrl":"https:\/\/www.cis-spain.com\/en\/wp-content\/uploads\/sites\/3\/2026\/03\/CIS-University-Art-Activism-and-Representation-Take-Center-Stage-in-the-Second-GINA-Lecture-at-CIS-University-1.webp","datePublished":"2026-03-10T15:05:35+00:00","description":"Laura L\u00f3pez Paniagua delivered the second lecture of the semester for the Applied Humanities Research Group GINA.","inLanguage":"en-US","potentialAction":[{"@type":"ReadAction","target":["https:\/\/www.cis-spain.com\/en\/blog\/art-activism-and-representation-take-center-stage-in-the-second-gina-lecture-at-cis-university\/"]}]},{"@type":"ImageObject","inLanguage":"en-US","@id":"https:\/\/www.cis-spain.com\/en\/blog\/art-activism-and-representation-take-center-stage-in-the-second-gina-lecture-at-cis-university\/#primaryimage","url":"https:\/\/www.cis-spain.com\/en\/wp-content\/uploads\/sites\/3\/2026\/03\/CIS-University-Art-Activism-and-Representation-Take-Center-Stage-in-the-Second-GINA-Lecture-at-CIS-University-1.webp","contentUrl":"https:\/\/www.cis-spain.com\/en\/wp-content\/uploads\/sites\/3\/2026\/03\/CIS-University-Art-Activism-and-Representation-Take-Center-Stage-in-the-Second-GINA-Lecture-at-CIS-University-1.webp","width":1920,"height":1306,"caption":"CIS University Art, Activism, and Representation Take Center Stage in the Second GINA Lecture at CIS University 1"},{"@type":"WebSite","@id":"https:\/\/www.cis-spain.com\/en\/#website","url":"https:\/\/www.cis-spain.com\/en\/","name":"CIS University - EN","description":"An American University","publisher":{"@id":"https:\/\/www.cis-spain.com\/en\/#organization"},"potentialAction":[{"@type":"SearchAction","target":{"@type":"EntryPoint","urlTemplate":"https:\/\/www.cis-spain.com\/en\/?s={search_term_string}"},"query-input":{"@type":"PropertyValueSpecification","valueRequired":true,"valueName":"search_term_string"}}],"inLanguage":"en-US"},{"@type":["Organization","Place"],"@id":"https:\/\/www.cis-spain.com\/en\/#organization","name":"CIS University - EN","url":"https:\/\/www.cis-spain.com\/en\/","logo":{"@id":"https:\/\/www.cis-spain.com\/en\/blog\/art-activism-and-representation-take-center-stage-in-the-second-gina-lecture-at-cis-university\/#local-main-organization-logo"},"image":{"@id":"https:\/\/www.cis-spain.com\/en\/blog\/art-activism-and-representation-take-center-stage-in-the-second-gina-lecture-at-cis-university\/#local-main-organization-logo"},"telephone":[],"openingHoursSpecification":[{"@type":"OpeningHoursSpecification","dayOfWeek":["Monday","Tuesday","Wednesday","Thursday","Friday","Saturday","Sunday"],"opens":"09:00","closes":"17:00"}]},{"@type":"Person","@id":"https:\/\/www.cis-spain.com\/en\/#\/schema\/person\/308e5a2cbfa4ea34dfd4bf728addd615","name":"fwegner","image":{"@type":"ImageObject","inLanguage":"en-US","@id":"https:\/\/secure.gravatar.com\/avatar\/47bda61f1654ba6fc5fe69934d52b08a3ea69f4f2ef96f22d677ce94cd46bb6c?s=96&d=mm&r=g","url":"https:\/\/secure.gravatar.com\/avatar\/47bda61f1654ba6fc5fe69934d52b08a3ea69f4f2ef96f22d677ce94cd46bb6c?s=96&d=mm&r=g","contentUrl":"https:\/\/secure.gravatar.com\/avatar\/47bda61f1654ba6fc5fe69934d52b08a3ea69f4f2ef96f22d677ce94cd46bb6c?s=96&d=mm&r=g","caption":"fwegner"}},{"@type":"ImageObject","inLanguage":"en-US","@id":"https:\/\/www.cis-spain.com\/en\/blog\/art-activism-and-representation-take-center-stage-in-the-second-gina-lecture-at-cis-university\/#local-main-organization-logo","url":"https:\/\/www.cis-spain.com\/en\/wp-content\/uploads\/sites\/3\/2021\/03\/logo.svg","contentUrl":"https:\/\/www.cis-spain.com\/en\/wp-content\/uploads\/sites\/3\/2021\/03\/logo.svg","width":317,"height":94,"caption":"CIS University - EN"}]}},"_links":{"self":[{"href":"https:\/\/www.cis-spain.com\/en\/wp-json\/wp\/v2\/posts\/40636","targetHints":{"allow":["GET"]}}],"collection":[{"href":"https:\/\/www.cis-spain.com\/en\/wp-json\/wp\/v2\/posts"}],"about":[{"href":"https:\/\/www.cis-spain.com\/en\/wp-json\/wp\/v2\/types\/post"}],"author":[{"embeddable":true,"href":"https:\/\/www.cis-spain.com\/en\/wp-json\/wp\/v2\/users\/3"}],"replies":[{"embeddable":true,"href":"https:\/\/www.cis-spain.com\/en\/wp-json\/wp\/v2\/comments?post=40636"}],"version-history":[{"count":5,"href":"https:\/\/www.cis-spain.com\/en\/wp-json\/wp\/v2\/posts\/40636\/revisions"}],"predecessor-version":[{"id":40643,"href":"https:\/\/www.cis-spain.com\/en\/wp-json\/wp\/v2\/posts\/40636\/revisions\/40643"}],"wp:featuredmedia":[{"embeddable":true,"href":"https:\/\/www.cis-spain.com\/en\/wp-json\/wp\/v2\/media\/40642"}],"wp:attachment":[{"href":"https:\/\/www.cis-spain.com\/en\/wp-json\/wp\/v2\/media?parent=40636"}],"wp:term":[{"taxonomy":"category","embeddable":true,"href":"https:\/\/www.cis-spain.com\/en\/wp-json\/wp\/v2\/categories?post=40636"},{"taxonomy":"post_tag","embeddable":true,"href":"https:\/\/www.cis-spain.com\/en\/wp-json\/wp\/v2\/tags?post=40636"}],"curies":[{"name":"wp","href":"https:\/\/api.w.org\/{rel}","templated":true}]}}