{"id":39805,"date":"2025-10-27T12:45:46","date_gmt":"2025-10-27T10:45:46","guid":{"rendered":"https:\/\/www.cis-spain.com\/en\/?p=39805"},"modified":"2025-10-27T12:47:08","modified_gmt":"2025-10-27T10:47:08","slug":"gabriel-ferrer-building-a-better-world-through-conversations-the-story-behind-cis-universitys-podcast","status":"publish","type":"post","link":"https:\/\/www.cis-spain.com\/en\/blog\/gabriel-ferrer-building-a-better-world-through-conversations-the-story-behind-cis-universitys-podcast\/","title":{"rendered":"Gabriel Ferrer: \u2018Building a Better World Through Conversations \u2013 The Story Behind CIS University\u2019s Podcast"},"content":{"rendered":"\t\t<div data-elementor-type=\"wp-post\" data-elementor-id=\"39805\" class=\"elementor elementor-39805\" data-elementor-post-type=\"post\">\n\t\t\t\t\t\t<section data-particle_enable=\"false\" data-particle-mobile-disabled=\"false\" class=\"elementor-section elementor-top-section elementor-element elementor-element-7edcbe02 elementor-section-boxed elementor-section-height-default elementor-section-height-default\" data-id=\"7edcbe02\" data-element_type=\"section\" data-e-type=\"section\">\n\t\t\t\t\t\t<div class=\"elementor-container elementor-column-gap-default\">\n\t\t\t\t\t<div class=\"elementor-column elementor-col-100 elementor-top-column elementor-element elementor-element-2e425cfe\" data-id=\"2e425cfe\" data-element_type=\"column\" data-e-type=\"column\">\n\t\t\t<div class=\"elementor-widget-wrap elementor-element-populated\">\n\t\t\t\t\t\t<div class=\"elementor-element elementor-element-504124e2 elementor-widget elementor-widget-text-editor\" data-id=\"504124e2\" data-element_type=\"widget\" data-e-type=\"widget\" data-widget_type=\"text-editor.default\">\n\t\t\t\t<div class=\"elementor-widget-container\">\n\t\t\t\t\t\t\t\t\t<p><em><b>By Jaime Navarro<\/b><\/em><\/p><p><span style=\"font-weight: 400;\">Gabriel Ferrer is a professor at CIS University, as well as the coordinator and producer of the university\u2019s podcast. He considers himself passionate about education in the area of communication studies. In this interview, Ferrer shares his motivation behind creating the university\u2019s podcast, the challenges he faced, and his hopes for the future.\u00a0<\/span><\/p><p><b>What inspired you to help create a podcast for the university?<\/b><\/p><p><span style=\"font-weight: 400;\">I have always been very interested in radio, and before I was a professor at this university, a friend of mine named Roberto Mart\u00ednez, who is the creator of the podcast <\/span><i><span style=\"font-weight: 400;\">Bienvenido a los 90<\/span><\/i><span style=\"font-weight: 400;\">, the most recognized podcast about the music industry of the 90s, contacted me. Basically, he asked me if I could make him some visuals and design the image of his podcast. One day, I told this story to a colleague at the university, and he told me that they had been thinking about doing it for some time, but they lacked someone who had the background and \u201cexpertise\u201d to start it.\u00a0<\/span><\/p><p><b>Can you tell us about the main topics that you cover in the podcast?<\/b><\/p><p><span style=\"font-weight: 400;\">The podcast is called <\/span><i><span style=\"font-weight: 400;\">Conversations for a Better World<\/span><\/i><span style=\"font-weight: 400;\">. \u00a0The President and main host, Mar\u00eda D\u00edaz de la Cebosa, chose that name. I always have in mind the fact that this is a humanist university when selecting the topics.\u00a0 The people I bring to the podcast are those who are trying to create a better world: entrepreneurs, businessmen, artists, etc. We always avoid talking about our university careers or our personal goals. Instead, Mar\u00eda asks them questions like: \u201cHow can we improve the world today?\u201d Each guest shares his or her opinion from his or her own perspective, and that enriches the conversation.<\/span><\/p><p><b>How do you think podcasting benefits the university community, both students and faculty?<\/b><\/p><p><span style=\"font-weight: 400;\">There are so many answers to that question! One of the things we have done is to invite brilliant, intelligent people who genuinely connect with others. This approach has a sort of &#8216;snowball effect,\u2019 in the sense that you launch something not knowing exactly where it will lead. For instance, we had Tito Customs, an entrepreneur who customizes shoes for Hollywood celebrities.\u00a0<\/span><\/p><p><span style=\"font-weight: 400;\">We also invited the head of Ecoalf, a sustainable fashion brand committed to environmentally friendly clothing, to join us on the podcast. Through these conversations and connections, we\u2019re hoping to build something that makes a lasting impact.<\/span><\/p><p><b>What challenges did you face when starting the podcast, and how did you overcome them?<\/b><\/p><p><span style=\"font-weight: 400;\">For me, the most important thing about creating a podcast or really any entrepreneurial endeavor is consistency. It doesn\u2019t mean much if, in one month, you have a lot of videos and the podcast starts gaining more listeners, but then you don\u2019t keep creating and giving 100% the following month. This is something I have learned from my friend Roberto Mart\u00ednez. He\u2019s already reached his 1,000th episode on his own podcast. His dedication and consistency are inspiring.<\/span><\/p><p><b>Could you share an interesting anecdote or memorable moment that happened during one of your podcast episodes?<\/b><\/p><p><span style=\"font-weight: 400;\">The host, Mar\u00eda D\u00edaz de la Cebosa, reached out to a well-known priest named Padre \u00c1ngel, and we did an interview with him in the largest cathedral ever built by a single person. It was constructed by a man named Justo Gallego, a man who decided 60 years ago to build this cathedral all by himself. The interview focused on Padre \u00c1ngel talking about Justo Gallego and his incredible journey in building the cathedral. I remember it was a bitterly cold winter day, and when we finished recording, we took some photos together outside the cathedral. It turned out that Justo Gallego, the man who built the cathedral, passed away just two weeks after our interview. It really struck me because we ended up being the last ones to capture an interview with Padre \u00c1ngel speaking about Justo, who passed away at the age of 94.<\/span><\/p><p><b>How do you see the role of podcasts in the future of education and communication at the university?<\/b><\/p><p><span style=\"font-weight: 400;\">It is something inevitable, really. The university has already set up a radio studio,<\/span><\/p><p><span style=\"font-weight: 400;\">\u00a0and we are already brainstorming a name for it. It is only a matter of time before all universities have their own podcasts, not just to build a sense of community, but also as an educational tool.\u00a0<\/span><\/p><p><b>Who is your target audience, and how do you engage them with your content?<\/b><\/p><p><span style=\"font-weight: 400;\">We actually have two main target audiences. One of them is the parents of the students who attend our university, and the other primary audience is young people from all around the world. Because of this, we\u2019ve had to adjust our topics a bit, focusing on helping them understand the professional world and how to approach entrepreneurship.<\/span><\/p><p><b>What advice would you give to someone who wants to start their own podcast?<\/b><\/p><p><span style=\"font-weight: 400;\">I always say, \u201cThe best painters are the ones who go to the Prado Museum and study the art of other artists.\u201d If you want to create a podcast, the most important thing is to listen to a lot of podcasts and learn from them. It is about finding the right focus for your own podcast. We need to open our eyes and ears, paying attention to what others are doing, so we can learn and improve.<\/span><\/p>\t\t\t\t\t\t\t\t<\/div>\n\t\t\t\t<\/div>\n\t\t\t\t\t<\/div>\n\t\t<\/div>\n\t\t\t\t\t<\/div>\n\t\t<\/section>\n\t\t\t\t<\/div>\n\t\t","protected":false},"excerpt":{"rendered":"<p>By Jaime Navarro Gabriel Ferrer is a professor at CIS University, as well as the coordinator and producer of the university\u2019s podcast. He considers himself passionate about education in the area of communication studies. In this interview, Ferrer shares his&hellip;<\/p>\n","protected":false},"author":3,"featured_media":39806,"comment_status":"open","ping_status":"closed","sticky":false,"template":"","format":"standard","meta":{"content-type":"","_trash_the_other_posts":false,"editor_notices":[],"footnotes":""},"categories":[16,53],"tags":[819,820,522,779,54,236,55,505,875,874,127,876,873,877],"class_list":["post-39805","post","type-post","status-publish","format-standard","has-post-thumbnail","hentry","category-cis-en","category-podcast-cis-en","tag-american-campus-in-madrid","tag-american-campus-in-spain","tag-american-university-in-madrid","tag-american-university-in-spain","tag-cis-university","tag-cis-university-podcast","tag-conversations-for-a-better-world","tag-educational-innovation","tag-educational-podcast","tag-entrepreneurship-podcast","tag-maria-diaz-de-la-cebosa","tag-university-community","tag-university-podcast","tag-university-radio"],"yoast_head":"<!-- This site is optimized with the Yoast SEO Premium plugin v27.4 (Yoast SEO v27.5) - https:\/\/yoast.com\/product\/yoast-seo-premium-wordpress\/ -->\n<title>Gabriel Ferrer: \u2018Building a Better World Through Conversations \u2013 The Story Behind CIS University\u2019s Podcast - CIS University<\/title>\n<meta name=\"description\" content=\"Gabriel Ferrer is a professor at CIS University, as well as the coordinator and producer of the university\u2019s podcast.\" \/>\n<meta name=\"robots\" content=\"noindex, follow\" \/>\n<meta property=\"og:locale\" content=\"en_US\" \/>\n<meta property=\"og:type\" content=\"article\" \/>\n<meta property=\"og:title\" content=\"Gabriel Ferrer: \u2018Building a Better World Through Conversations \u2013 The Story Behind CIS University\u2019s Podcast - CIS University\" \/>\n<meta property=\"og:description\" content=\"Gabriel Ferrer is a professor at CIS University, as well as the coordinator and producer of the university\u2019s podcast.\" \/>\n<meta property=\"og:url\" content=\"https:\/\/www.cis-spain.com\/en\/blog\/gabriel-ferrer-building-a-better-world-through-conversations-the-story-behind-cis-universitys-podcast\/\" \/>\n<meta property=\"og:site_name\" content=\"CIS University - EN\" \/>\n<meta property=\"article:published_time\" content=\"2025-10-27T10:45:46+00:00\" \/>\n<meta property=\"article:modified_time\" content=\"2025-10-27T10:47:08+00:00\" \/>\n<meta property=\"og:image\" content=\"https:\/\/www.cis-spain.com\/en\/wp-content\/uploads\/sites\/3\/2025\/10\/CIS-University-Gabriel-Ferrer_-\u2018Building-a-Better-World-Through-Conversations-\u2013-The-Story-Behind-CIS-Universitys-Podcast.jpg\" \/>\n\t<meta property=\"og:image:width\" content=\"1920\" \/>\n\t<meta property=\"og:image:height\" content=\"1306\" \/>\n\t<meta property=\"og:image:type\" content=\"image\/jpeg\" \/>\n<meta name=\"author\" content=\"fwegner\" \/>\n<meta name=\"twitter:card\" content=\"summary_large_image\" \/>\n<meta name=\"twitter:label1\" content=\"Written by\" \/>\n\t<meta name=\"twitter:data1\" content=\"fwegner\" \/>\n\t<meta name=\"twitter:label2\" content=\"Est. reading time\" \/>\n\t<meta name=\"twitter:data2\" content=\"4 minutes\" \/>\n<script type=\"application\/ld+json\" class=\"yoast-schema-graph\">{\"@context\":\"https:\\\/\\\/schema.org\",\"@graph\":[{\"@type\":\"Article\",\"@id\":\"https:\\\/\\\/www.cis-spain.com\\\/en\\\/blog\\\/gabriel-ferrer-building-a-better-world-through-conversations-the-story-behind-cis-universitys-podcast\\\/#article\",\"isPartOf\":{\"@id\":\"https:\\\/\\\/www.cis-spain.com\\\/en\\\/blog\\\/gabriel-ferrer-building-a-better-world-through-conversations-the-story-behind-cis-universitys-podcast\\\/\"},\"author\":{\"name\":\"fwegner\",\"@id\":\"https:\\\/\\\/www.cis-spain.com\\\/en\\\/#\\\/schema\\\/person\\\/308e5a2cbfa4ea34dfd4bf728addd615\"},\"headline\":\"Gabriel Ferrer: \u2018Building a Better World Through Conversations \u2013 The Story Behind CIS University\u2019s Podcast\",\"datePublished\":\"2025-10-27T10:45:46+00:00\",\"dateModified\":\"2025-10-27T10:47:08+00:00\",\"mainEntityOfPage\":{\"@id\":\"https:\\\/\\\/www.cis-spain.com\\\/en\\\/blog\\\/gabriel-ferrer-building-a-better-world-through-conversations-the-story-behind-cis-universitys-podcast\\\/\"},\"wordCount\":913,\"commentCount\":0,\"publisher\":{\"@id\":\"https:\\\/\\\/www.cis-spain.com\\\/en\\\/#organization\"},\"image\":{\"@id\":\"https:\\\/\\\/www.cis-spain.com\\\/en\\\/blog\\\/gabriel-ferrer-building-a-better-world-through-conversations-the-story-behind-cis-universitys-podcast\\\/#primaryimage\"},\"thumbnailUrl\":\"https:\\\/\\\/www.cis-spain.com\\\/en\\\/wp-content\\\/uploads\\\/sites\\\/3\\\/2025\\\/10\\\/CIS-University-Gabriel-Ferrer_-\u2018Building-a-Better-World-Through-Conversations-\u2013-The-Story-Behind-CIS-Universitys-Podcast.jpg\",\"keywords\":[\"American Campus in Madrid\",\"American Campus in Spain\",\"American University in Madrid\",\"American University in Spain\",\"cis university\",\"CIS University Podcast\",\"conversations for a better world\",\"Educational Innovation\",\"Educational Podcast\",\"Entrepreneurship Podcast\",\"Mar\u00eda Diaz de la Cebosa\",\"University Community\",\"University Podcast\",\"University Radio\"],\"articleSection\":[\"CIS-EN\",\"Podcast\"],\"inLanguage\":\"en-US\",\"potentialAction\":[{\"@type\":\"CommentAction\",\"name\":\"Comment\",\"target\":[\"https:\\\/\\\/www.cis-spain.com\\\/en\\\/blog\\\/gabriel-ferrer-building-a-better-world-through-conversations-the-story-behind-cis-universitys-podcast\\\/#respond\"]}],\"copyrightYear\":\"2025\",\"copyrightHolder\":{\"@id\":\"https:\\\/\\\/cis-spain.com\\\/#organization\"}},{\"@type\":\"WebPage\",\"@id\":\"https:\\\/\\\/www.cis-spain.com\\\/en\\\/blog\\\/gabriel-ferrer-building-a-better-world-through-conversations-the-story-behind-cis-universitys-podcast\\\/\",\"url\":\"https:\\\/\\\/www.cis-spain.com\\\/en\\\/blog\\\/gabriel-ferrer-building-a-better-world-through-conversations-the-story-behind-cis-universitys-podcast\\\/\",\"name\":\"Gabriel Ferrer: \u2018Building a Better World Through Conversations \u2013 The Story Behind CIS University\u2019s Podcast - CIS University\",\"isPartOf\":{\"@id\":\"https:\\\/\\\/www.cis-spain.com\\\/en\\\/#website\"},\"primaryImageOfPage\":{\"@id\":\"https:\\\/\\\/www.cis-spain.com\\\/en\\\/blog\\\/gabriel-ferrer-building-a-better-world-through-conversations-the-story-behind-cis-universitys-podcast\\\/#primaryimage\"},\"image\":{\"@id\":\"https:\\\/\\\/www.cis-spain.com\\\/en\\\/blog\\\/gabriel-ferrer-building-a-better-world-through-conversations-the-story-behind-cis-universitys-podcast\\\/#primaryimage\"},\"thumbnailUrl\":\"https:\\\/\\\/www.cis-spain.com\\\/en\\\/wp-content\\\/uploads\\\/sites\\\/3\\\/2025\\\/10\\\/CIS-University-Gabriel-Ferrer_-\u2018Building-a-Better-World-Through-Conversations-\u2013-The-Story-Behind-CIS-Universitys-Podcast.jpg\",\"datePublished\":\"2025-10-27T10:45:46+00:00\",\"dateModified\":\"2025-10-27T10:47:08+00:00\",\"description\":\"Gabriel Ferrer is a professor at CIS University, as well as the coordinator and producer of the university\u2019s podcast.\",\"inLanguage\":\"en-US\",\"potentialAction\":[{\"@type\":\"ReadAction\",\"target\":[\"https:\\\/\\\/www.cis-spain.com\\\/en\\\/blog\\\/gabriel-ferrer-building-a-better-world-through-conversations-the-story-behind-cis-universitys-podcast\\\/\"]}]},{\"@type\":\"ImageObject\",\"inLanguage\":\"en-US\",\"@id\":\"https:\\\/\\\/www.cis-spain.com\\\/en\\\/blog\\\/gabriel-ferrer-building-a-better-world-through-conversations-the-story-behind-cis-universitys-podcast\\\/#primaryimage\",\"url\":\"https:\\\/\\\/www.cis-spain.com\\\/en\\\/wp-content\\\/uploads\\\/sites\\\/3\\\/2025\\\/10\\\/CIS-University-Gabriel-Ferrer_-\u2018Building-a-Better-World-Through-Conversations-\u2013-The-Story-Behind-CIS-Universitys-Podcast.jpg\",\"contentUrl\":\"https:\\\/\\\/www.cis-spain.com\\\/en\\\/wp-content\\\/uploads\\\/sites\\\/3\\\/2025\\\/10\\\/CIS-University-Gabriel-Ferrer_-\u2018Building-a-Better-World-Through-Conversations-\u2013-The-Story-Behind-CIS-Universitys-Podcast.jpg\",\"width\":1920,\"height\":1306,\"caption\":\"CIS University Gabriel Ferrer \u2018Building a Better World Through Conversations \u2013 The Story Behind CIS University\u2019s Podcast\"},{\"@type\":\"WebSite\",\"@id\":\"https:\\\/\\\/www.cis-spain.com\\\/en\\\/#website\",\"url\":\"https:\\\/\\\/www.cis-spain.com\\\/en\\\/\",\"name\":\"CIS University - EN\",\"description\":\"An American University\",\"publisher\":{\"@id\":\"https:\\\/\\\/www.cis-spain.com\\\/en\\\/#organization\"},\"potentialAction\":[{\"@type\":\"SearchAction\",\"target\":{\"@type\":\"EntryPoint\",\"urlTemplate\":\"https:\\\/\\\/www.cis-spain.com\\\/en\\\/?s={search_term_string}\"},\"query-input\":{\"@type\":\"PropertyValueSpecification\",\"valueRequired\":true,\"valueName\":\"search_term_string\"}}],\"inLanguage\":\"en-US\"},{\"@type\":[\"Organization\",\"Place\"],\"@id\":\"https:\\\/\\\/www.cis-spain.com\\\/en\\\/#organization\",\"name\":\"CIS University - EN\",\"url\":\"https:\\\/\\\/www.cis-spain.com\\\/en\\\/\",\"logo\":{\"@id\":\"https:\\\/\\\/www.cis-spain.com\\\/en\\\/blog\\\/gabriel-ferrer-building-a-better-world-through-conversations-the-story-behind-cis-universitys-podcast\\\/#local-main-organization-logo\"},\"image\":{\"@id\":\"https:\\\/\\\/www.cis-spain.com\\\/en\\\/blog\\\/gabriel-ferrer-building-a-better-world-through-conversations-the-story-behind-cis-universitys-podcast\\\/#local-main-organization-logo\"},\"telephone\":[],\"openingHoursSpecification\":[{\"@type\":\"OpeningHoursSpecification\",\"dayOfWeek\":[\"Monday\",\"Tuesday\",\"Wednesday\",\"Thursday\",\"Friday\",\"Saturday\",\"Sunday\"],\"opens\":\"09:00\",\"closes\":\"17:00\"}]},{\"@type\":\"Person\",\"@id\":\"https:\\\/\\\/www.cis-spain.com\\\/en\\\/#\\\/schema\\\/person\\\/308e5a2cbfa4ea34dfd4bf728addd615\",\"name\":\"fwegner\",\"image\":{\"@type\":\"ImageObject\",\"inLanguage\":\"en-US\",\"@id\":\"https:\\\/\\\/secure.gravatar.com\\\/avatar\\\/47bda61f1654ba6fc5fe69934d52b08a3ea69f4f2ef96f22d677ce94cd46bb6c?s=96&d=mm&r=g\",\"url\":\"https:\\\/\\\/secure.gravatar.com\\\/avatar\\\/47bda61f1654ba6fc5fe69934d52b08a3ea69f4f2ef96f22d677ce94cd46bb6c?s=96&d=mm&r=g\",\"contentUrl\":\"https:\\\/\\\/secure.gravatar.com\\\/avatar\\\/47bda61f1654ba6fc5fe69934d52b08a3ea69f4f2ef96f22d677ce94cd46bb6c?s=96&d=mm&r=g\",\"caption\":\"fwegner\"}},{\"@type\":\"ImageObject\",\"inLanguage\":\"en-US\",\"@id\":\"https:\\\/\\\/www.cis-spain.com\\\/en\\\/blog\\\/gabriel-ferrer-building-a-better-world-through-conversations-the-story-behind-cis-universitys-podcast\\\/#local-main-organization-logo\",\"url\":\"https:\\\/\\\/www.cis-spain.com\\\/en\\\/wp-content\\\/uploads\\\/sites\\\/3\\\/2021\\\/03\\\/logo.svg\",\"contentUrl\":\"https:\\\/\\\/www.cis-spain.com\\\/en\\\/wp-content\\\/uploads\\\/sites\\\/3\\\/2021\\\/03\\\/logo.svg\",\"width\":317,\"height\":94,\"caption\":\"CIS University - EN\"}]}<\/script>\n<!-- \/ Yoast SEO Premium plugin. -->","yoast_head_json":{"title":"Gabriel Ferrer: \u2018Building a Better World Through Conversations \u2013 The Story Behind CIS University\u2019s Podcast - CIS University","description":"Gabriel Ferrer is a professor at CIS University, as well as the coordinator and producer of the university\u2019s podcast.","robots":{"index":"noindex","follow":"follow"},"og_locale":"en_US","og_type":"article","og_title":"Gabriel Ferrer: \u2018Building a Better World Through Conversations \u2013 The Story Behind CIS University\u2019s Podcast - CIS University","og_description":"Gabriel Ferrer is a professor at CIS University, as well as the coordinator and producer of the university\u2019s podcast.","og_url":"https:\/\/www.cis-spain.com\/en\/blog\/gabriel-ferrer-building-a-better-world-through-conversations-the-story-behind-cis-universitys-podcast\/","og_site_name":"CIS University - EN","article_published_time":"2025-10-27T10:45:46+00:00","article_modified_time":"2025-10-27T10:47:08+00:00","og_image":[{"width":1920,"height":1306,"url":"https:\/\/www.cis-spain.com\/en\/wp-content\/uploads\/sites\/3\/2025\/10\/CIS-University-Gabriel-Ferrer_-\u2018Building-a-Better-World-Through-Conversations-\u2013-The-Story-Behind-CIS-Universitys-Podcast.jpg","type":"image\/jpeg"}],"author":"fwegner","twitter_card":"summary_large_image","twitter_misc":{"Written by":"fwegner","Est. reading time":"4 minutes"},"schema":{"@context":"https:\/\/schema.org","@graph":[{"@type":"Article","@id":"https:\/\/www.cis-spain.com\/en\/blog\/gabriel-ferrer-building-a-better-world-through-conversations-the-story-behind-cis-universitys-podcast\/#article","isPartOf":{"@id":"https:\/\/www.cis-spain.com\/en\/blog\/gabriel-ferrer-building-a-better-world-through-conversations-the-story-behind-cis-universitys-podcast\/"},"author":{"name":"fwegner","@id":"https:\/\/www.cis-spain.com\/en\/#\/schema\/person\/308e5a2cbfa4ea34dfd4bf728addd615"},"headline":"Gabriel Ferrer: \u2018Building a Better World Through Conversations \u2013 The Story Behind CIS University\u2019s Podcast","datePublished":"2025-10-27T10:45:46+00:00","dateModified":"2025-10-27T10:47:08+00:00","mainEntityOfPage":{"@id":"https:\/\/www.cis-spain.com\/en\/blog\/gabriel-ferrer-building-a-better-world-through-conversations-the-story-behind-cis-universitys-podcast\/"},"wordCount":913,"commentCount":0,"publisher":{"@id":"https:\/\/www.cis-spain.com\/en\/#organization"},"image":{"@id":"https:\/\/www.cis-spain.com\/en\/blog\/gabriel-ferrer-building-a-better-world-through-conversations-the-story-behind-cis-universitys-podcast\/#primaryimage"},"thumbnailUrl":"https:\/\/www.cis-spain.com\/en\/wp-content\/uploads\/sites\/3\/2025\/10\/CIS-University-Gabriel-Ferrer_-\u2018Building-a-Better-World-Through-Conversations-\u2013-The-Story-Behind-CIS-Universitys-Podcast.jpg","keywords":["American Campus in Madrid","American Campus in Spain","American University in Madrid","American University in Spain","cis university","CIS University Podcast","conversations for a better world","Educational Innovation","Educational Podcast","Entrepreneurship Podcast","Mar\u00eda Diaz de la Cebosa","University Community","University Podcast","University Radio"],"articleSection":["CIS-EN","Podcast"],"inLanguage":"en-US","potentialAction":[{"@type":"CommentAction","name":"Comment","target":["https:\/\/www.cis-spain.com\/en\/blog\/gabriel-ferrer-building-a-better-world-through-conversations-the-story-behind-cis-universitys-podcast\/#respond"]}],"copyrightYear":"2025","copyrightHolder":{"@id":"https:\/\/cis-spain.com\/#organization"}},{"@type":"WebPage","@id":"https:\/\/www.cis-spain.com\/en\/blog\/gabriel-ferrer-building-a-better-world-through-conversations-the-story-behind-cis-universitys-podcast\/","url":"https:\/\/www.cis-spain.com\/en\/blog\/gabriel-ferrer-building-a-better-world-through-conversations-the-story-behind-cis-universitys-podcast\/","name":"Gabriel Ferrer: \u2018Building a Better World Through Conversations \u2013 The Story Behind CIS University\u2019s Podcast - CIS University","isPartOf":{"@id":"https:\/\/www.cis-spain.com\/en\/#website"},"primaryImageOfPage":{"@id":"https:\/\/www.cis-spain.com\/en\/blog\/gabriel-ferrer-building-a-better-world-through-conversations-the-story-behind-cis-universitys-podcast\/#primaryimage"},"image":{"@id":"https:\/\/www.cis-spain.com\/en\/blog\/gabriel-ferrer-building-a-better-world-through-conversations-the-story-behind-cis-universitys-podcast\/#primaryimage"},"thumbnailUrl":"https:\/\/www.cis-spain.com\/en\/wp-content\/uploads\/sites\/3\/2025\/10\/CIS-University-Gabriel-Ferrer_-\u2018Building-a-Better-World-Through-Conversations-\u2013-The-Story-Behind-CIS-Universitys-Podcast.jpg","datePublished":"2025-10-27T10:45:46+00:00","dateModified":"2025-10-27T10:47:08+00:00","description":"Gabriel Ferrer is a professor at CIS University, as well as the coordinator and producer of the university\u2019s podcast.","inLanguage":"en-US","potentialAction":[{"@type":"ReadAction","target":["https:\/\/www.cis-spain.com\/en\/blog\/gabriel-ferrer-building-a-better-world-through-conversations-the-story-behind-cis-universitys-podcast\/"]}]},{"@type":"ImageObject","inLanguage":"en-US","@id":"https:\/\/www.cis-spain.com\/en\/blog\/gabriel-ferrer-building-a-better-world-through-conversations-the-story-behind-cis-universitys-podcast\/#primaryimage","url":"https:\/\/www.cis-spain.com\/en\/wp-content\/uploads\/sites\/3\/2025\/10\/CIS-University-Gabriel-Ferrer_-\u2018Building-a-Better-World-Through-Conversations-\u2013-The-Story-Behind-CIS-Universitys-Podcast.jpg","contentUrl":"https:\/\/www.cis-spain.com\/en\/wp-content\/uploads\/sites\/3\/2025\/10\/CIS-University-Gabriel-Ferrer_-\u2018Building-a-Better-World-Through-Conversations-\u2013-The-Story-Behind-CIS-Universitys-Podcast.jpg","width":1920,"height":1306,"caption":"CIS University Gabriel Ferrer \u2018Building a Better World Through Conversations \u2013 The Story Behind CIS University\u2019s Podcast"},{"@type":"WebSite","@id":"https:\/\/www.cis-spain.com\/en\/#website","url":"https:\/\/www.cis-spain.com\/en\/","name":"CIS University - EN","description":"An American University","publisher":{"@id":"https:\/\/www.cis-spain.com\/en\/#organization"},"potentialAction":[{"@type":"SearchAction","target":{"@type":"EntryPoint","urlTemplate":"https:\/\/www.cis-spain.com\/en\/?s={search_term_string}"},"query-input":{"@type":"PropertyValueSpecification","valueRequired":true,"valueName":"search_term_string"}}],"inLanguage":"en-US"},{"@type":["Organization","Place"],"@id":"https:\/\/www.cis-spain.com\/en\/#organization","name":"CIS University - EN","url":"https:\/\/www.cis-spain.com\/en\/","logo":{"@id":"https:\/\/www.cis-spain.com\/en\/blog\/gabriel-ferrer-building-a-better-world-through-conversations-the-story-behind-cis-universitys-podcast\/#local-main-organization-logo"},"image":{"@id":"https:\/\/www.cis-spain.com\/en\/blog\/gabriel-ferrer-building-a-better-world-through-conversations-the-story-behind-cis-universitys-podcast\/#local-main-organization-logo"},"telephone":[],"openingHoursSpecification":[{"@type":"OpeningHoursSpecification","dayOfWeek":["Monday","Tuesday","Wednesday","Thursday","Friday","Saturday","Sunday"],"opens":"09:00","closes":"17:00"}]},{"@type":"Person","@id":"https:\/\/www.cis-spain.com\/en\/#\/schema\/person\/308e5a2cbfa4ea34dfd4bf728addd615","name":"fwegner","image":{"@type":"ImageObject","inLanguage":"en-US","@id":"https:\/\/secure.gravatar.com\/avatar\/47bda61f1654ba6fc5fe69934d52b08a3ea69f4f2ef96f22d677ce94cd46bb6c?s=96&d=mm&r=g","url":"https:\/\/secure.gravatar.com\/avatar\/47bda61f1654ba6fc5fe69934d52b08a3ea69f4f2ef96f22d677ce94cd46bb6c?s=96&d=mm&r=g","contentUrl":"https:\/\/secure.gravatar.com\/avatar\/47bda61f1654ba6fc5fe69934d52b08a3ea69f4f2ef96f22d677ce94cd46bb6c?s=96&d=mm&r=g","caption":"fwegner"}},{"@type":"ImageObject","inLanguage":"en-US","@id":"https:\/\/www.cis-spain.com\/en\/blog\/gabriel-ferrer-building-a-better-world-through-conversations-the-story-behind-cis-universitys-podcast\/#local-main-organization-logo","url":"https:\/\/www.cis-spain.com\/en\/wp-content\/uploads\/sites\/3\/2021\/03\/logo.svg","contentUrl":"https:\/\/www.cis-spain.com\/en\/wp-content\/uploads\/sites\/3\/2021\/03\/logo.svg","width":317,"height":94,"caption":"CIS University - EN"}]}},"_links":{"self":[{"href":"https:\/\/www.cis-spain.com\/en\/wp-json\/wp\/v2\/posts\/39805","targetHints":{"allow":["GET"]}}],"collection":[{"href":"https:\/\/www.cis-spain.com\/en\/wp-json\/wp\/v2\/posts"}],"about":[{"href":"https:\/\/www.cis-spain.com\/en\/wp-json\/wp\/v2\/types\/post"}],"author":[{"embeddable":true,"href":"https:\/\/www.cis-spain.com\/en\/wp-json\/wp\/v2\/users\/3"}],"replies":[{"embeddable":true,"href":"https:\/\/www.cis-spain.com\/en\/wp-json\/wp\/v2\/comments?post=39805"}],"version-history":[{"count":4,"href":"https:\/\/www.cis-spain.com\/en\/wp-json\/wp\/v2\/posts\/39805\/revisions"}],"predecessor-version":[{"id":39810,"href":"https:\/\/www.cis-spain.com\/en\/wp-json\/wp\/v2\/posts\/39805\/revisions\/39810"}],"wp:featuredmedia":[{"embeddable":true,"href":"https:\/\/www.cis-spain.com\/en\/wp-json\/wp\/v2\/media\/39806"}],"wp:attachment":[{"href":"https:\/\/www.cis-spain.com\/en\/wp-json\/wp\/v2\/media?parent=39805"}],"wp:term":[{"taxonomy":"category","embeddable":true,"href":"https:\/\/www.cis-spain.com\/en\/wp-json\/wp\/v2\/categories?post=39805"},{"taxonomy":"post_tag","embeddable":true,"href":"https:\/\/www.cis-spain.com\/en\/wp-json\/wp\/v2\/tags?post=39805"}],"curies":[{"name":"wp","href":"https:\/\/api.w.org\/{rel}","templated":true}]}}