{"id":39791,"date":"2025-10-20T11:13:41","date_gmt":"2025-10-20T09:13:41","guid":{"rendered":"https:\/\/www.cis-spain.com\/en\/?p=39791"},"modified":"2025-10-20T11:14:50","modified_gmt":"2025-10-20T09:14:50","slug":"cis-university-book-club-opens-the-semester-with-a-visit-to-several-literary-exhibitions","status":"publish","type":"post","link":"https:\/\/www.cis-spain.com\/en\/blog\/cis-university-book-club-opens-the-semester-with-a-visit-to-several-literary-exhibitions\/","title":{"rendered":"CIS University Book Club Opens the Semester with a Visit to Several Literary Exhibitions"},"content":{"rendered":"\t\t<div data-elementor-type=\"wp-post\" data-elementor-id=\"39791\" class=\"elementor elementor-39791\" data-elementor-post-type=\"post\">\n\t\t\t\t\t\t<section data-particle_enable=\"false\" data-particle-mobile-disabled=\"false\" class=\"elementor-section elementor-top-section elementor-element elementor-element-47a667f elementor-section-boxed elementor-section-height-default elementor-section-height-default\" data-id=\"47a667f\" data-element_type=\"section\" data-e-type=\"section\">\n\t\t\t\t\t\t<div class=\"elementor-container elementor-column-gap-default\">\n\t\t\t\t\t<div class=\"elementor-column elementor-col-100 elementor-top-column elementor-element elementor-element-310cc831\" data-id=\"310cc831\" data-element_type=\"column\" data-e-type=\"column\">\n\t\t\t<div class=\"elementor-widget-wrap elementor-element-populated\">\n\t\t\t\t\t\t<div class=\"elementor-element elementor-element-6f6ec319 elementor-widget elementor-widget-text-editor\" data-id=\"6f6ec319\" data-element_type=\"widget\" data-e-type=\"widget\" data-widget_type=\"text-editor.default\">\n\t\t\t\t<div class=\"elementor-widget-container\">\n\t\t\t\t\t\t\t\t\t<p><span style=\"font-weight: 400;\">During their first activity of the semester, members of the <\/span><a href=\"https:\/\/www.cis-spain.com\/en\/academics\/student-support\/cis-clubs\/\"><b>CIS University Book Club<\/b><\/a><span style=\"font-weight: 400;\"> visited the <\/span><b>Espacio Cultural Serrer\u00eda Belga,<\/b><span style=\"font-weight: 400;\"> one of the most prominent cultural centers in Madrid\u2019s Barrio de las Letras, to explore the three literary exhibitions currently on display there.<\/span><\/p><p><span style=\"font-weight: 400;\">The first of these, titled <\/span><i><span style=\"font-weight: 400;\">\u201cMadrid, Muse of Letters,\u201d<\/span><\/i><span style=\"font-weight: 400;\"> invited students to discover the prominent role that the city of Madrid has played in several key works of Spanish literature\u2014such as <\/span><i><span style=\"font-weight: 400;\">Episodios Nacionales<\/span><\/i><span style=\"font-weight: 400;\"> by Benito P\u00e9rez Gald\u00f3s and <\/span><i><span style=\"font-weight: 400;\">El Capit\u00e1n Alatriste<\/span><\/i><span style=\"font-weight: 400;\"> by Arturo P\u00e9rez-Reverte\u2014as well as in the lives of authors including P\u00edo Baroja, Miguel Hern\u00e1ndez and Rosal\u00eda de Castro, among others.<\/span><\/p><blockquote><p><span style=\"font-weight: 400;\">\u201cI loved seeing how different Spanish writers, even if they were not from Madrid, felt a deep connection with the city in different ways. We talked about Miguel Hern\u00e1ndez\u2019s imprisonment and about how the experiences and relationships of the authors with the city were very different,\u201d said student <\/span><b>Theo Svistunov,<\/b><span style=\"font-weight: 400;\"> who has been attending the club for two years.<\/span><\/p><\/blockquote><p><span style=\"font-weight: 400;\">The second exhibition, <\/span><i><span style=\"font-weight: 400;\">\u201cA Thousand and One Quixotes,\u201d<\/span><\/i><span style=\"font-weight: 400;\"> centered on Miguel de Cervantes\u2019 masterpiece <\/span><i><span style=\"font-weight: 400;\">Don Quixote de la Mancha<\/span><\/i><span style=\"font-weight: 400;\"> and featured more than 300 pieces of great artistic value, some of them never before exhibited. Among them were antique editions of <\/span><i><span style=\"font-weight: 400;\">Don Quixote<\/span><\/i><span style=\"font-weight: 400;\"> in several languages, portraits, card games, storybooks and music albums, among others.<\/span><\/p><blockquote><p><span style=\"font-weight: 400;\">\u201cI knew <\/span><i><span style=\"font-weight: 400;\">Don Quixote<\/span><\/i><span style=\"font-weight: 400;\"> was very popular, but I hadn\u2019t realized how widespread its influence was\u2014not only in Spain but also abroad at the time. We saw antique editions in English, Spanish, French and Italian, so it was fascinating to learn about its international reach during that period,\u201d added student <\/span><b>Sebasti\u00e1n Zmuda,<\/b><span style=\"font-weight: 400;\"> who, like Theo Svistunov, is also one of the club\u2019s longest-standing members.<\/span><\/p><\/blockquote><p><span style=\"font-weight: 400;\">Finally, the third exhibition focused on Madrid\u2019s literary caf\u00e9s of the 19-20th centuries, including the Caf\u00e9 de Pombo, La Fontana de Oro, Caf\u00e9 del Pr\u00edncipe and Caf\u00e9 de la Monta\u00f1a\u2014meeting places often frequented by writers such as Benito P\u00e9rez Gald\u00f3s, Ram\u00f3n Mar\u00eda del Valle-Incl\u00e1n, P\u00edo Baroja and Manuel Machado.<\/span><\/p><p><span style=\"font-weight: 400;\">The CIS University Book Club plans to continue its cultural excursions throughout the semester. The next visit will take place on October 10, when members will explore the <\/span><a href=\"https:\/\/museocasanataldecervantes.org\/home-english\/\"><span style=\"font-weight: 400;\">Casa Museo de Miguel de Cervantes<\/span><\/a><span style=\"font-weight: 400;\"> in Alcal\u00e1 de Henares and its medieval market.<\/span><\/p>\t\t\t\t\t\t\t\t<\/div>\n\t\t\t\t<\/div>\n\t\t\t\t\t<\/div>\n\t\t<\/div>\n\t\t\t\t\t<\/div>\n\t\t<\/section>\n\t\t\t\t<\/div>\n\t\t","protected":false},"excerpt":{"rendered":"<p>During their first activity of the semester, members of the CIS University Book Club visited the Espacio Cultural Serrer\u00eda Belga, one of the most prominent cultural centers in Madrid\u2019s Barrio de las Letras, to explore the three literary exhibitions currently&hellip;<\/p>\n","protected":false},"author":3,"featured_media":39792,"comment_status":"open","ping_status":"closed","sticky":false,"template":"","format":"standard","meta":{"content-type":"","_trash_the_other_posts":false,"editor_notices":[],"footnotes":""},"categories":[162,315,314],"tags":[819,820,522,779,872,147,54,734,150,837,495,215,657,655,301],"class_list":["post-39791","post","type-post","status-publish","format-standard","has-post-thumbnail","hentry","category-academic","category-book-club","category-clubs","tag-american-campus-in-madrid","tag-american-campus-in-spain","tag-american-university-in-madrid","tag-american-university-in-spain","tag-barrio-de-las-letras","tag-book-club","tag-cis-university","tag-cis-university-book-club","tag-extracurricular-activities","tag-international-education-in-madrid","tag-literature","tag-madrid","tag-miguel-de-cervantes","tag-reading-club","tag-university-clubs"],"yoast_head":"<!-- This site is optimized with the Yoast SEO Premium plugin v27.4 (Yoast SEO v27.5) - https:\/\/yoast.com\/product\/yoast-seo-premium-wordpress\/ -->\n<title>CIS University Book Club Opens the Semester with a Visit to Several Literary Exhibitions - CIS University<\/title>\n<meta name=\"description\" content=\"During their first activity of the semester, members of the CIS University Book Club visited the Espacio Cultural Serrer\u00eda Belga.\" \/>\n<meta name=\"robots\" content=\"noindex, follow\" \/>\n<meta property=\"og:locale\" content=\"en_US\" \/>\n<meta property=\"og:type\" content=\"article\" \/>\n<meta property=\"og:title\" content=\"CIS University Book Club Opens the Semester with a Visit to Several Literary Exhibitions - CIS University\" \/>\n<meta property=\"og:description\" content=\"During their first activity of the semester, members of the CIS University Book Club visited the Espacio Cultural Serrer\u00eda Belga.\" \/>\n<meta property=\"og:url\" content=\"https:\/\/www.cis-spain.com\/en\/blog\/cis-university-book-club-opens-the-semester-with-a-visit-to-several-literary-exhibitions\/\" \/>\n<meta property=\"og:site_name\" content=\"CIS University - EN\" \/>\n<meta property=\"article:published_time\" content=\"2025-10-20T09:13:41+00:00\" \/>\n<meta property=\"article:modified_time\" content=\"2025-10-20T09:14:50+00:00\" \/>\n<meta property=\"og:image\" content=\"https:\/\/www.cis-spain.com\/en\/wp-content\/uploads\/sites\/3\/2025\/10\/CIS-University-CIS-University-Book-Club-Opens-the-Semester-with-a-Visit-to-Several-Literary-Exhibitions.jpg\" \/>\n\t<meta property=\"og:image:width\" content=\"1920\" \/>\n\t<meta property=\"og:image:height\" content=\"1306\" \/>\n\t<meta property=\"og:image:type\" content=\"image\/jpeg\" \/>\n<meta name=\"author\" content=\"fwegner\" \/>\n<meta name=\"twitter:card\" content=\"summary_large_image\" \/>\n<meta name=\"twitter:label1\" content=\"Written by\" \/>\n\t<meta name=\"twitter:data1\" content=\"fwegner\" \/>\n\t<meta name=\"twitter:label2\" content=\"Est. reading time\" \/>\n\t<meta name=\"twitter:data2\" content=\"2 minutes\" \/>\n<script type=\"application\/ld+json\" class=\"yoast-schema-graph\">{\"@context\":\"https:\\\/\\\/schema.org\",\"@graph\":[{\"@type\":\"Article\",\"@id\":\"https:\\\/\\\/www.cis-spain.com\\\/en\\\/blog\\\/cis-university-book-club-opens-the-semester-with-a-visit-to-several-literary-exhibitions\\\/#article\",\"isPartOf\":{\"@id\":\"https:\\\/\\\/www.cis-spain.com\\\/en\\\/blog\\\/cis-university-book-club-opens-the-semester-with-a-visit-to-several-literary-exhibitions\\\/\"},\"author\":{\"name\":\"fwegner\",\"@id\":\"https:\\\/\\\/www.cis-spain.com\\\/en\\\/#\\\/schema\\\/person\\\/308e5a2cbfa4ea34dfd4bf728addd615\"},\"headline\":\"CIS University Book Club Opens the Semester with a Visit to Several Literary Exhibitions\",\"datePublished\":\"2025-10-20T09:13:41+00:00\",\"dateModified\":\"2025-10-20T09:14:50+00:00\",\"mainEntityOfPage\":{\"@id\":\"https:\\\/\\\/www.cis-spain.com\\\/en\\\/blog\\\/cis-university-book-club-opens-the-semester-with-a-visit-to-several-literary-exhibitions\\\/\"},\"wordCount\":415,\"commentCount\":0,\"publisher\":{\"@id\":\"https:\\\/\\\/www.cis-spain.com\\\/en\\\/#organization\"},\"image\":{\"@id\":\"https:\\\/\\\/www.cis-spain.com\\\/en\\\/blog\\\/cis-university-book-club-opens-the-semester-with-a-visit-to-several-literary-exhibitions\\\/#primaryimage\"},\"thumbnailUrl\":\"https:\\\/\\\/www.cis-spain.com\\\/en\\\/wp-content\\\/uploads\\\/sites\\\/3\\\/2025\\\/10\\\/CIS-University-CIS-University-Book-Club-Opens-the-Semester-with-a-Visit-to-Several-Literary-Exhibitions.jpg\",\"keywords\":[\"American Campus in Madrid\",\"American Campus in Spain\",\"American University in Madrid\",\"American University in Spain\",\"Barrio de las Letras\",\"book club\",\"cis university\",\"CIS University Book Club\",\"extracurricular activities\",\"International Education in Madrid\",\"Literature\",\"Madrid\",\"Miguel de Cervantes\",\"Reading Club\",\"University clubs\"],\"articleSection\":[\"Academic\",\"Book Club\",\"Clubs\"],\"inLanguage\":\"en-US\",\"potentialAction\":[{\"@type\":\"CommentAction\",\"name\":\"Comment\",\"target\":[\"https:\\\/\\\/www.cis-spain.com\\\/en\\\/blog\\\/cis-university-book-club-opens-the-semester-with-a-visit-to-several-literary-exhibitions\\\/#respond\"]}],\"copyrightYear\":\"2025\",\"copyrightHolder\":{\"@id\":\"https:\\\/\\\/cis-spain.com\\\/#organization\"}},{\"@type\":\"WebPage\",\"@id\":\"https:\\\/\\\/www.cis-spain.com\\\/en\\\/blog\\\/cis-university-book-club-opens-the-semester-with-a-visit-to-several-literary-exhibitions\\\/\",\"url\":\"https:\\\/\\\/www.cis-spain.com\\\/en\\\/blog\\\/cis-university-book-club-opens-the-semester-with-a-visit-to-several-literary-exhibitions\\\/\",\"name\":\"CIS University Book Club Opens the Semester with a Visit to Several Literary Exhibitions - CIS University\",\"isPartOf\":{\"@id\":\"https:\\\/\\\/www.cis-spain.com\\\/en\\\/#website\"},\"primaryImageOfPage\":{\"@id\":\"https:\\\/\\\/www.cis-spain.com\\\/en\\\/blog\\\/cis-university-book-club-opens-the-semester-with-a-visit-to-several-literary-exhibitions\\\/#primaryimage\"},\"image\":{\"@id\":\"https:\\\/\\\/www.cis-spain.com\\\/en\\\/blog\\\/cis-university-book-club-opens-the-semester-with-a-visit-to-several-literary-exhibitions\\\/#primaryimage\"},\"thumbnailUrl\":\"https:\\\/\\\/www.cis-spain.com\\\/en\\\/wp-content\\\/uploads\\\/sites\\\/3\\\/2025\\\/10\\\/CIS-University-CIS-University-Book-Club-Opens-the-Semester-with-a-Visit-to-Several-Literary-Exhibitions.jpg\",\"datePublished\":\"2025-10-20T09:13:41+00:00\",\"dateModified\":\"2025-10-20T09:14:50+00:00\",\"description\":\"During their first activity of the semester, members of the CIS University Book Club visited the Espacio Cultural Serrer\u00eda Belga.\",\"inLanguage\":\"en-US\",\"potentialAction\":[{\"@type\":\"ReadAction\",\"target\":[\"https:\\\/\\\/www.cis-spain.com\\\/en\\\/blog\\\/cis-university-book-club-opens-the-semester-with-a-visit-to-several-literary-exhibitions\\\/\"]}]},{\"@type\":\"ImageObject\",\"inLanguage\":\"en-US\",\"@id\":\"https:\\\/\\\/www.cis-spain.com\\\/en\\\/blog\\\/cis-university-book-club-opens-the-semester-with-a-visit-to-several-literary-exhibitions\\\/#primaryimage\",\"url\":\"https:\\\/\\\/www.cis-spain.com\\\/en\\\/wp-content\\\/uploads\\\/sites\\\/3\\\/2025\\\/10\\\/CIS-University-CIS-University-Book-Club-Opens-the-Semester-with-a-Visit-to-Several-Literary-Exhibitions.jpg\",\"contentUrl\":\"https:\\\/\\\/www.cis-spain.com\\\/en\\\/wp-content\\\/uploads\\\/sites\\\/3\\\/2025\\\/10\\\/CIS-University-CIS-University-Book-Club-Opens-the-Semester-with-a-Visit-to-Several-Literary-Exhibitions.jpg\",\"width\":1920,\"height\":1306},{\"@type\":\"WebSite\",\"@id\":\"https:\\\/\\\/www.cis-spain.com\\\/en\\\/#website\",\"url\":\"https:\\\/\\\/www.cis-spain.com\\\/en\\\/\",\"name\":\"CIS University - EN\",\"description\":\"An American University\",\"publisher\":{\"@id\":\"https:\\\/\\\/www.cis-spain.com\\\/en\\\/#organization\"},\"potentialAction\":[{\"@type\":\"SearchAction\",\"target\":{\"@type\":\"EntryPoint\",\"urlTemplate\":\"https:\\\/\\\/www.cis-spain.com\\\/en\\\/?s={search_term_string}\"},\"query-input\":{\"@type\":\"PropertyValueSpecification\",\"valueRequired\":true,\"valueName\":\"search_term_string\"}}],\"inLanguage\":\"en-US\"},{\"@type\":[\"Organization\",\"Place\"],\"@id\":\"https:\\\/\\\/www.cis-spain.com\\\/en\\\/#organization\",\"name\":\"CIS University - EN\",\"url\":\"https:\\\/\\\/www.cis-spain.com\\\/en\\\/\",\"logo\":{\"@id\":\"https:\\\/\\\/www.cis-spain.com\\\/en\\\/blog\\\/cis-university-book-club-opens-the-semester-with-a-visit-to-several-literary-exhibitions\\\/#local-main-organization-logo\"},\"image\":{\"@id\":\"https:\\\/\\\/www.cis-spain.com\\\/en\\\/blog\\\/cis-university-book-club-opens-the-semester-with-a-visit-to-several-literary-exhibitions\\\/#local-main-organization-logo\"},\"telephone\":[],\"openingHoursSpecification\":[{\"@type\":\"OpeningHoursSpecification\",\"dayOfWeek\":[\"Monday\",\"Tuesday\",\"Wednesday\",\"Thursday\",\"Friday\",\"Saturday\",\"Sunday\"],\"opens\":\"09:00\",\"closes\":\"17:00\"}]},{\"@type\":\"Person\",\"@id\":\"https:\\\/\\\/www.cis-spain.com\\\/en\\\/#\\\/schema\\\/person\\\/308e5a2cbfa4ea34dfd4bf728addd615\",\"name\":\"fwegner\",\"image\":{\"@type\":\"ImageObject\",\"inLanguage\":\"en-US\",\"@id\":\"https:\\\/\\\/secure.gravatar.com\\\/avatar\\\/47bda61f1654ba6fc5fe69934d52b08a3ea69f4f2ef96f22d677ce94cd46bb6c?s=96&d=mm&r=g\",\"url\":\"https:\\\/\\\/secure.gravatar.com\\\/avatar\\\/47bda61f1654ba6fc5fe69934d52b08a3ea69f4f2ef96f22d677ce94cd46bb6c?s=96&d=mm&r=g\",\"contentUrl\":\"https:\\\/\\\/secure.gravatar.com\\\/avatar\\\/47bda61f1654ba6fc5fe69934d52b08a3ea69f4f2ef96f22d677ce94cd46bb6c?s=96&d=mm&r=g\",\"caption\":\"fwegner\"}},{\"@type\":\"ImageObject\",\"inLanguage\":\"en-US\",\"@id\":\"https:\\\/\\\/www.cis-spain.com\\\/en\\\/blog\\\/cis-university-book-club-opens-the-semester-with-a-visit-to-several-literary-exhibitions\\\/#local-main-organization-logo\",\"url\":\"https:\\\/\\\/www.cis-spain.com\\\/en\\\/wp-content\\\/uploads\\\/sites\\\/3\\\/2021\\\/03\\\/logo.svg\",\"contentUrl\":\"https:\\\/\\\/www.cis-spain.com\\\/en\\\/wp-content\\\/uploads\\\/sites\\\/3\\\/2021\\\/03\\\/logo.svg\",\"width\":317,\"height\":94,\"caption\":\"CIS University - EN\"}]}<\/script>\n<!-- \/ Yoast SEO Premium plugin. -->","yoast_head_json":{"title":"CIS University Book Club Opens the Semester with a Visit to Several Literary Exhibitions - CIS University","description":"During their first activity of the semester, members of the CIS University Book Club visited the Espacio Cultural Serrer\u00eda Belga.","robots":{"index":"noindex","follow":"follow"},"og_locale":"en_US","og_type":"article","og_title":"CIS University Book Club Opens the Semester with a Visit to Several Literary Exhibitions - CIS University","og_description":"During their first activity of the semester, members of the CIS University Book Club visited the Espacio Cultural Serrer\u00eda Belga.","og_url":"https:\/\/www.cis-spain.com\/en\/blog\/cis-university-book-club-opens-the-semester-with-a-visit-to-several-literary-exhibitions\/","og_site_name":"CIS University - EN","article_published_time":"2025-10-20T09:13:41+00:00","article_modified_time":"2025-10-20T09:14:50+00:00","og_image":[{"width":1920,"height":1306,"url":"https:\/\/www.cis-spain.com\/en\/wp-content\/uploads\/sites\/3\/2025\/10\/CIS-University-CIS-University-Book-Club-Opens-the-Semester-with-a-Visit-to-Several-Literary-Exhibitions.jpg","type":"image\/jpeg"}],"author":"fwegner","twitter_card":"summary_large_image","twitter_misc":{"Written by":"fwegner","Est. reading time":"2 minutes"},"schema":{"@context":"https:\/\/schema.org","@graph":[{"@type":"Article","@id":"https:\/\/www.cis-spain.com\/en\/blog\/cis-university-book-club-opens-the-semester-with-a-visit-to-several-literary-exhibitions\/#article","isPartOf":{"@id":"https:\/\/www.cis-spain.com\/en\/blog\/cis-university-book-club-opens-the-semester-with-a-visit-to-several-literary-exhibitions\/"},"author":{"name":"fwegner","@id":"https:\/\/www.cis-spain.com\/en\/#\/schema\/person\/308e5a2cbfa4ea34dfd4bf728addd615"},"headline":"CIS University Book Club Opens the Semester with a Visit to Several Literary Exhibitions","datePublished":"2025-10-20T09:13:41+00:00","dateModified":"2025-10-20T09:14:50+00:00","mainEntityOfPage":{"@id":"https:\/\/www.cis-spain.com\/en\/blog\/cis-university-book-club-opens-the-semester-with-a-visit-to-several-literary-exhibitions\/"},"wordCount":415,"commentCount":0,"publisher":{"@id":"https:\/\/www.cis-spain.com\/en\/#organization"},"image":{"@id":"https:\/\/www.cis-spain.com\/en\/blog\/cis-university-book-club-opens-the-semester-with-a-visit-to-several-literary-exhibitions\/#primaryimage"},"thumbnailUrl":"https:\/\/www.cis-spain.com\/en\/wp-content\/uploads\/sites\/3\/2025\/10\/CIS-University-CIS-University-Book-Club-Opens-the-Semester-with-a-Visit-to-Several-Literary-Exhibitions.jpg","keywords":["American Campus in Madrid","American Campus in Spain","American University in Madrid","American University in Spain","Barrio de las Letras","book club","cis university","CIS University Book Club","extracurricular activities","International Education in Madrid","Literature","Madrid","Miguel de Cervantes","Reading Club","University clubs"],"articleSection":["Academic","Book Club","Clubs"],"inLanguage":"en-US","potentialAction":[{"@type":"CommentAction","name":"Comment","target":["https:\/\/www.cis-spain.com\/en\/blog\/cis-university-book-club-opens-the-semester-with-a-visit-to-several-literary-exhibitions\/#respond"]}],"copyrightYear":"2025","copyrightHolder":{"@id":"https:\/\/cis-spain.com\/#organization"}},{"@type":"WebPage","@id":"https:\/\/www.cis-spain.com\/en\/blog\/cis-university-book-club-opens-the-semester-with-a-visit-to-several-literary-exhibitions\/","url":"https:\/\/www.cis-spain.com\/en\/blog\/cis-university-book-club-opens-the-semester-with-a-visit-to-several-literary-exhibitions\/","name":"CIS University Book Club Opens the Semester with a Visit to Several Literary Exhibitions - CIS University","isPartOf":{"@id":"https:\/\/www.cis-spain.com\/en\/#website"},"primaryImageOfPage":{"@id":"https:\/\/www.cis-spain.com\/en\/blog\/cis-university-book-club-opens-the-semester-with-a-visit-to-several-literary-exhibitions\/#primaryimage"},"image":{"@id":"https:\/\/www.cis-spain.com\/en\/blog\/cis-university-book-club-opens-the-semester-with-a-visit-to-several-literary-exhibitions\/#primaryimage"},"thumbnailUrl":"https:\/\/www.cis-spain.com\/en\/wp-content\/uploads\/sites\/3\/2025\/10\/CIS-University-CIS-University-Book-Club-Opens-the-Semester-with-a-Visit-to-Several-Literary-Exhibitions.jpg","datePublished":"2025-10-20T09:13:41+00:00","dateModified":"2025-10-20T09:14:50+00:00","description":"During their first activity of the semester, members of the CIS University Book Club visited the Espacio Cultural Serrer\u00eda Belga.","inLanguage":"en-US","potentialAction":[{"@type":"ReadAction","target":["https:\/\/www.cis-spain.com\/en\/blog\/cis-university-book-club-opens-the-semester-with-a-visit-to-several-literary-exhibitions\/"]}]},{"@type":"ImageObject","inLanguage":"en-US","@id":"https:\/\/www.cis-spain.com\/en\/blog\/cis-university-book-club-opens-the-semester-with-a-visit-to-several-literary-exhibitions\/#primaryimage","url":"https:\/\/www.cis-spain.com\/en\/wp-content\/uploads\/sites\/3\/2025\/10\/CIS-University-CIS-University-Book-Club-Opens-the-Semester-with-a-Visit-to-Several-Literary-Exhibitions.jpg","contentUrl":"https:\/\/www.cis-spain.com\/en\/wp-content\/uploads\/sites\/3\/2025\/10\/CIS-University-CIS-University-Book-Club-Opens-the-Semester-with-a-Visit-to-Several-Literary-Exhibitions.jpg","width":1920,"height":1306},{"@type":"WebSite","@id":"https:\/\/www.cis-spain.com\/en\/#website","url":"https:\/\/www.cis-spain.com\/en\/","name":"CIS University - EN","description":"An American University","publisher":{"@id":"https:\/\/www.cis-spain.com\/en\/#organization"},"potentialAction":[{"@type":"SearchAction","target":{"@type":"EntryPoint","urlTemplate":"https:\/\/www.cis-spain.com\/en\/?s={search_term_string}"},"query-input":{"@type":"PropertyValueSpecification","valueRequired":true,"valueName":"search_term_string"}}],"inLanguage":"en-US"},{"@type":["Organization","Place"],"@id":"https:\/\/www.cis-spain.com\/en\/#organization","name":"CIS University - EN","url":"https:\/\/www.cis-spain.com\/en\/","logo":{"@id":"https:\/\/www.cis-spain.com\/en\/blog\/cis-university-book-club-opens-the-semester-with-a-visit-to-several-literary-exhibitions\/#local-main-organization-logo"},"image":{"@id":"https:\/\/www.cis-spain.com\/en\/blog\/cis-university-book-club-opens-the-semester-with-a-visit-to-several-literary-exhibitions\/#local-main-organization-logo"},"telephone":[],"openingHoursSpecification":[{"@type":"OpeningHoursSpecification","dayOfWeek":["Monday","Tuesday","Wednesday","Thursday","Friday","Saturday","Sunday"],"opens":"09:00","closes":"17:00"}]},{"@type":"Person","@id":"https:\/\/www.cis-spain.com\/en\/#\/schema\/person\/308e5a2cbfa4ea34dfd4bf728addd615","name":"fwegner","image":{"@type":"ImageObject","inLanguage":"en-US","@id":"https:\/\/secure.gravatar.com\/avatar\/47bda61f1654ba6fc5fe69934d52b08a3ea69f4f2ef96f22d677ce94cd46bb6c?s=96&d=mm&r=g","url":"https:\/\/secure.gravatar.com\/avatar\/47bda61f1654ba6fc5fe69934d52b08a3ea69f4f2ef96f22d677ce94cd46bb6c?s=96&d=mm&r=g","contentUrl":"https:\/\/secure.gravatar.com\/avatar\/47bda61f1654ba6fc5fe69934d52b08a3ea69f4f2ef96f22d677ce94cd46bb6c?s=96&d=mm&r=g","caption":"fwegner"}},{"@type":"ImageObject","inLanguage":"en-US","@id":"https:\/\/www.cis-spain.com\/en\/blog\/cis-university-book-club-opens-the-semester-with-a-visit-to-several-literary-exhibitions\/#local-main-organization-logo","url":"https:\/\/www.cis-spain.com\/en\/wp-content\/uploads\/sites\/3\/2021\/03\/logo.svg","contentUrl":"https:\/\/www.cis-spain.com\/en\/wp-content\/uploads\/sites\/3\/2021\/03\/logo.svg","width":317,"height":94,"caption":"CIS University - EN"}]}},"_links":{"self":[{"href":"https:\/\/www.cis-spain.com\/en\/wp-json\/wp\/v2\/posts\/39791","targetHints":{"allow":["GET"]}}],"collection":[{"href":"https:\/\/www.cis-spain.com\/en\/wp-json\/wp\/v2\/posts"}],"about":[{"href":"https:\/\/www.cis-spain.com\/en\/wp-json\/wp\/v2\/types\/post"}],"author":[{"embeddable":true,"href":"https:\/\/www.cis-spain.com\/en\/wp-json\/wp\/v2\/users\/3"}],"replies":[{"embeddable":true,"href":"https:\/\/www.cis-spain.com\/en\/wp-json\/wp\/v2\/comments?post=39791"}],"version-history":[{"count":4,"href":"https:\/\/www.cis-spain.com\/en\/wp-json\/wp\/v2\/posts\/39791\/revisions"}],"predecessor-version":[{"id":39796,"href":"https:\/\/www.cis-spain.com\/en\/wp-json\/wp\/v2\/posts\/39791\/revisions\/39796"}],"wp:featuredmedia":[{"embeddable":true,"href":"https:\/\/www.cis-spain.com\/en\/wp-json\/wp\/v2\/media\/39792"}],"wp:attachment":[{"href":"https:\/\/www.cis-spain.com\/en\/wp-json\/wp\/v2\/media?parent=39791"}],"wp:term":[{"taxonomy":"category","embeddable":true,"href":"https:\/\/www.cis-spain.com\/en\/wp-json\/wp\/v2\/categories?post=39791"},{"taxonomy":"post_tag","embeddable":true,"href":"https:\/\/www.cis-spain.com\/en\/wp-json\/wp\/v2\/tags?post=39791"}],"curies":[{"name":"wp","href":"https:\/\/api.w.org\/{rel}","templated":true}]}}